{"id":46438,"date":"2025-07-28T10:57:35","date_gmt":"2025-07-28T08:57:35","guid":{"rendered":"https:\/\/planinskimuzej.si\/?p=46438"},"modified":"2025-10-16T10:26:02","modified_gmt":"2025-10-16T08:26:02","slug":"46438","status":"publish","type":"post","link":"https:\/\/planinskimuzej.si\/en\/46438\/","title":{"rendered":"Ice Giants or Inaccessible Beauties, temporary exhibition"},"content":{"rendered":"<p><strong data-start=\"0\" data-end=\"62\" data-is-only-node=\"\">Ice Giants or Inaccessible Beauties \u2013 Temporary Exhibition<\/strong><br data-start=\"62\" data-end=\"65\" \/>On the 50th anniversary of the expedition to the Cordillera Blanca, a photo exhibition titled <em data-start=\"159\" data-end=\"196\">Ice Giants or Inaccessible Beauties<\/em> is on view on the museum staircase. The exhibition will remain open until the beginning of August.<\/p>\n","protected":false},"excerpt":{"rendered":"<p>Ice Giants or Inaccessible Beauties \u2013 Temporary ExhibitionOn the 50th anniversary of the expedition to the Cordillera Blanca, a photo exhibition titled Ice Giants or Inaccessible Beauties is on view on the museum staircase. The exhibition will remain open until the beginning of August.<\/p>\n","protected":false},"author":7,"featured_media":37373,"comment_status":"closed","ping_status":"open","sticky":false,"template":"","format":"standard","meta":{"footnotes":""},"categories":[28],"tags":[],"class_list":["post-46438","post","type-post","status-publish","format-standard","has-post-thumbnail","hentry","category-arhiv-razstav-en"],"yoast_head":"<!-- This site is optimized with the Yoast SEO plugin v27.4 - https:\/\/yoast.com\/product\/yoast-seo-wordpress\/ -->\n<title>Ice Giants or Inaccessible Beauties, temporary exhibition - Planinski Muzej<\/title>\n<meta name=\"robots\" content=\"index, follow, max-snippet:-1, max-image-preview:large, max-video-preview:-1\" \/>\n<link rel=\"canonical\" href=\"https:\/\/planinskimuzej.si\/en\/46438\/\" \/>\n<meta property=\"og:locale\" content=\"en_US\" \/>\n<meta property=\"og:type\" content=\"article\" \/>\n<meta property=\"og:title\" content=\"Ice Giants or Inaccessible Beauties, temporary exhibition - Planinski Muzej\" \/>\n<meta property=\"og:description\" content=\"Ice Giants or Inaccessible Beauties \u2013 Temporary ExhibitionOn the 50th anniversary of the expedition to the Cordillera Blanca, a photo exhibition titled Ice Giants or Inaccessible Beauties is on view on the museum staircase. The exhibition will remain open until the beginning of August.\" \/>\n<meta property=\"og:url\" content=\"https:\/\/planinskimuzej.si\/en\/46438\/\" \/>\n<meta property=\"og:site_name\" content=\"Planinski Muzej\" \/>\n<meta property=\"article:published_time\" content=\"2025-07-28T08:57:35+00:00\" \/>\n<meta property=\"article:modified_time\" content=\"2025-10-16T08:26:02+00:00\" \/>\n<meta property=\"og:image\" content=\"https:\/\/planinskimuzej.si\/wp-content\/uploads\/2024\/12\/Ande-Cordillero_Real.jpg\" \/>\n\t<meta property=\"og:image:width\" content=\"1632\" \/>\n\t<meta property=\"og:image:height\" content=\"1056\" \/>\n\t<meta property=\"og:image:type\" content=\"image\/jpeg\" \/>\n<meta name=\"author\" content=\"Planinski Muzej\" \/>\n<meta name=\"twitter:card\" content=\"summary_large_image\" \/>\n<meta name=\"twitter:label1\" content=\"Written by\" \/>\n\t<meta name=\"twitter:data1\" content=\"Planinski Muzej\" \/>\n\t<meta name=\"twitter:label2\" content=\"Est. reading time\" \/>\n\t<meta name=\"twitter:data2\" content=\"1 minute\" \/>\n<script type=\"application\/ld+json\" class=\"yoast-schema-graph\">{\"@context\":\"https:\\\/\\\/schema.org\",\"@graph\":[{\"@type\":\"Article\",\"@id\":\"https:\\\/\\\/planinskimuzej.si\\\/en\\\/46438\\\/#article\",\"isPartOf\":{\"@id\":\"https:\\\/\\\/planinskimuzej.si\\\/en\\\/46438\\\/\"},\"author\":{\"name\":\"Planinski Muzej\",\"@id\":\"https:\\\/\\\/planinskimuzej.si\\\/#\\\/schema\\\/person\\\/1071165fcba3d31b6da6458ebbf353b5\"},\"headline\":\"Ice Giants or Inaccessible Beauties, temporary exhibition\",\"datePublished\":\"2025-07-28T08:57:35+00:00\",\"dateModified\":\"2025-10-16T08:26:02+00:00\",\"mainEntityOfPage\":{\"@id\":\"https:\\\/\\\/planinskimuzej.si\\\/en\\\/46438\\\/\"},\"wordCount\":51,\"image\":{\"@id\":\"https:\\\/\\\/planinskimuzej.si\\\/en\\\/46438\\\/#primaryimage\"},\"thumbnailUrl\":\"https:\\\/\\\/planinskimuzej.si\\\/wp-content\\\/uploads\\\/2024\\\/12\\\/Ande-Cordillero_Real.jpg\",\"articleSection\":[\"Arhiv razstav EN\"],\"inLanguage\":\"en-US\"},{\"@type\":\"WebPage\",\"@id\":\"https:\\\/\\\/planinskimuzej.si\\\/en\\\/46438\\\/\",\"url\":\"https:\\\/\\\/planinskimuzej.si\\\/en\\\/46438\\\/\",\"name\":\"Ice Giants or Inaccessible Beauties, temporary exhibition - Planinski Muzej\",\"isPartOf\":{\"@id\":\"https:\\\/\\\/planinskimuzej.si\\\/#website\"},\"primaryImageOfPage\":{\"@id\":\"https:\\\/\\\/planinskimuzej.si\\\/en\\\/46438\\\/#primaryimage\"},\"image\":{\"@id\":\"https:\\\/\\\/planinskimuzej.si\\\/en\\\/46438\\\/#primaryimage\"},\"thumbnailUrl\":\"https:\\\/\\\/planinskimuzej.si\\\/wp-content\\\/uploads\\\/2024\\\/12\\\/Ande-Cordillero_Real.jpg\",\"datePublished\":\"2025-07-28T08:57:35+00:00\",\"dateModified\":\"2025-10-16T08:26:02+00:00\",\"author\":{\"@id\":\"https:\\\/\\\/planinskimuzej.si\\\/#\\\/schema\\\/person\\\/1071165fcba3d31b6da6458ebbf353b5\"},\"breadcrumb\":{\"@id\":\"https:\\\/\\\/planinskimuzej.si\\\/en\\\/46438\\\/#breadcrumb\"},\"inLanguage\":\"en-US\",\"potentialAction\":[{\"@type\":\"ReadAction\",\"target\":[\"https:\\\/\\\/planinskimuzej.si\\\/en\\\/46438\\\/\"]}]},{\"@type\":\"ImageObject\",\"inLanguage\":\"en-US\",\"@id\":\"https:\\\/\\\/planinskimuzej.si\\\/en\\\/46438\\\/#primaryimage\",\"url\":\"https:\\\/\\\/planinskimuzej.si\\\/wp-content\\\/uploads\\\/2024\\\/12\\\/Ande-Cordillero_Real.jpg\",\"contentUrl\":\"https:\\\/\\\/planinskimuzej.si\\\/wp-content\\\/uploads\\\/2024\\\/12\\\/Ande-Cordillero_Real.jpg\",\"width\":1632,\"height\":1056},{\"@type\":\"BreadcrumbList\",\"@id\":\"https:\\\/\\\/planinskimuzej.si\\\/en\\\/46438\\\/#breadcrumb\",\"itemListElement\":[{\"@type\":\"ListItem\",\"position\":1,\"name\":\"Home\",\"item\":\"https:\\\/\\\/planinskimuzej.si\\\/en\\\/\"},{\"@type\":\"ListItem\",\"position\":2,\"name\":\"Ice Giants or Inaccessible Beauties, temporary exhibition\"}]},{\"@type\":\"WebSite\",\"@id\":\"https:\\\/\\\/planinskimuzej.si\\\/#website\",\"url\":\"https:\\\/\\\/planinskimuzej.si\\\/\",\"name\":\"Planinski Muzej\",\"description\":\"Slovenski planinski muzej v Mojstrani ponuja pravo gorsko izku\u0161njo za alpinisti\u010dne navdu\u0161ence.\",\"potentialAction\":[{\"@type\":\"SearchAction\",\"target\":{\"@type\":\"EntryPoint\",\"urlTemplate\":\"https:\\\/\\\/planinskimuzej.si\\\/?s={search_term_string}\"},\"query-input\":{\"@type\":\"PropertyValueSpecification\",\"valueRequired\":true,\"valueName\":\"search_term_string\"}}],\"inLanguage\":\"en-US\"},{\"@type\":\"Person\",\"@id\":\"https:\\\/\\\/planinskimuzej.si\\\/#\\\/schema\\\/person\\\/1071165fcba3d31b6da6458ebbf353b5\",\"name\":\"Planinski Muzej\",\"image\":{\"@type\":\"ImageObject\",\"inLanguage\":\"en-US\",\"@id\":\"https:\\\/\\\/secure.gravatar.com\\\/avatar\\\/98f312ceb2891cd67fa921c9302319cc7ce73d0bf2570af0cf46f45db735954a?s=96&d=mm&r=g\",\"url\":\"https:\\\/\\\/secure.gravatar.com\\\/avatar\\\/98f312ceb2891cd67fa921c9302319cc7ce73d0bf2570af0cf46f45db735954a?s=96&d=mm&r=g\",\"contentUrl\":\"https:\\\/\\\/secure.gravatar.com\\\/avatar\\\/98f312ceb2891cd67fa921c9302319cc7ce73d0bf2570af0cf46f45db735954a?s=96&d=mm&r=g\",\"caption\":\"Planinski Muzej\"},\"url\":\"https:\\\/\\\/planinskimuzej.si\\\/en\\\/author\\\/urednik\\\/\"}]}<\/script>\n<!-- \/ Yoast SEO plugin. -->","yoast_head_json":{"title":"Ice Giants or Inaccessible Beauties, temporary exhibition - Planinski Muzej","robots":{"index":"index","follow":"follow","max-snippet":"max-snippet:-1","max-image-preview":"max-image-preview:large","max-video-preview":"max-video-preview:-1"},"canonical":"https:\/\/planinskimuzej.si\/en\/46438\/","og_locale":"en_US","og_type":"article","og_title":"Ice Giants or Inaccessible Beauties, temporary exhibition - Planinski Muzej","og_description":"Ice Giants or Inaccessible Beauties \u2013 Temporary ExhibitionOn the 50th anniversary of the expedition to the Cordillera Blanca, a photo exhibition titled Ice Giants or Inaccessible Beauties is on view on the museum staircase. The exhibition will remain open until the beginning of August.","og_url":"https:\/\/planinskimuzej.si\/en\/46438\/","og_site_name":"Planinski Muzej","article_published_time":"2025-07-28T08:57:35+00:00","article_modified_time":"2025-10-16T08:26:02+00:00","og_image":[{"width":1632,"height":1056,"url":"https:\/\/planinskimuzej.si\/wp-content\/uploads\/2024\/12\/Ande-Cordillero_Real.jpg","type":"image\/jpeg"}],"author":"Planinski Muzej","twitter_card":"summary_large_image","twitter_misc":{"Written by":"Planinski Muzej","Est. reading time":"1 minute"},"schema":{"@context":"https:\/\/schema.org","@graph":[{"@type":"Article","@id":"https:\/\/planinskimuzej.si\/en\/46438\/#article","isPartOf":{"@id":"https:\/\/planinskimuzej.si\/en\/46438\/"},"author":{"name":"Planinski Muzej","@id":"https:\/\/planinskimuzej.si\/#\/schema\/person\/1071165fcba3d31b6da6458ebbf353b5"},"headline":"Ice Giants or Inaccessible Beauties, temporary exhibition","datePublished":"2025-07-28T08:57:35+00:00","dateModified":"2025-10-16T08:26:02+00:00","mainEntityOfPage":{"@id":"https:\/\/planinskimuzej.si\/en\/46438\/"},"wordCount":51,"image":{"@id":"https:\/\/planinskimuzej.si\/en\/46438\/#primaryimage"},"thumbnailUrl":"https:\/\/planinskimuzej.si\/wp-content\/uploads\/2024\/12\/Ande-Cordillero_Real.jpg","articleSection":["Arhiv razstav EN"],"inLanguage":"en-US"},{"@type":"WebPage","@id":"https:\/\/planinskimuzej.si\/en\/46438\/","url":"https:\/\/planinskimuzej.si\/en\/46438\/","name":"Ice Giants or Inaccessible Beauties, temporary exhibition - Planinski Muzej","isPartOf":{"@id":"https:\/\/planinskimuzej.si\/#website"},"primaryImageOfPage":{"@id":"https:\/\/planinskimuzej.si\/en\/46438\/#primaryimage"},"image":{"@id":"https:\/\/planinskimuzej.si\/en\/46438\/#primaryimage"},"thumbnailUrl":"https:\/\/planinskimuzej.si\/wp-content\/uploads\/2024\/12\/Ande-Cordillero_Real.jpg","datePublished":"2025-07-28T08:57:35+00:00","dateModified":"2025-10-16T08:26:02+00:00","author":{"@id":"https:\/\/planinskimuzej.si\/#\/schema\/person\/1071165fcba3d31b6da6458ebbf353b5"},"breadcrumb":{"@id":"https:\/\/planinskimuzej.si\/en\/46438\/#breadcrumb"},"inLanguage":"en-US","potentialAction":[{"@type":"ReadAction","target":["https:\/\/planinskimuzej.si\/en\/46438\/"]}]},{"@type":"ImageObject","inLanguage":"en-US","@id":"https:\/\/planinskimuzej.si\/en\/46438\/#primaryimage","url":"https:\/\/planinskimuzej.si\/wp-content\/uploads\/2024\/12\/Ande-Cordillero_Real.jpg","contentUrl":"https:\/\/planinskimuzej.si\/wp-content\/uploads\/2024\/12\/Ande-Cordillero_Real.jpg","width":1632,"height":1056},{"@type":"BreadcrumbList","@id":"https:\/\/planinskimuzej.si\/en\/46438\/#breadcrumb","itemListElement":[{"@type":"ListItem","position":1,"name":"Home","item":"https:\/\/planinskimuzej.si\/en\/"},{"@type":"ListItem","position":2,"name":"Ice Giants or Inaccessible Beauties, temporary exhibition"}]},{"@type":"WebSite","@id":"https:\/\/planinskimuzej.si\/#website","url":"https:\/\/planinskimuzej.si\/","name":"Planinski Muzej","description":"Slovenski planinski muzej v Mojstrani ponuja pravo gorsko izku\u0161njo za alpinisti\u010dne navdu\u0161ence.","potentialAction":[{"@type":"SearchAction","target":{"@type":"EntryPoint","urlTemplate":"https:\/\/planinskimuzej.si\/?s={search_term_string}"},"query-input":{"@type":"PropertyValueSpecification","valueRequired":true,"valueName":"search_term_string"}}],"inLanguage":"en-US"},{"@type":"Person","@id":"https:\/\/planinskimuzej.si\/#\/schema\/person\/1071165fcba3d31b6da6458ebbf353b5","name":"Planinski Muzej","image":{"@type":"ImageObject","inLanguage":"en-US","@id":"https:\/\/secure.gravatar.com\/avatar\/98f312ceb2891cd67fa921c9302319cc7ce73d0bf2570af0cf46f45db735954a?s=96&d=mm&r=g","url":"https:\/\/secure.gravatar.com\/avatar\/98f312ceb2891cd67fa921c9302319cc7ce73d0bf2570af0cf46f45db735954a?s=96&d=mm&r=g","contentUrl":"https:\/\/secure.gravatar.com\/avatar\/98f312ceb2891cd67fa921c9302319cc7ce73d0bf2570af0cf46f45db735954a?s=96&d=mm&r=g","caption":"Planinski Muzej"},"url":"https:\/\/planinskimuzej.si\/en\/author\/urednik\/"}]}},"_links":{"self":[{"href":"https:\/\/planinskimuzej.si\/en\/wp-json\/wp\/v2\/posts\/46438","targetHints":{"allow":["GET"]}}],"collection":[{"href":"https:\/\/planinskimuzej.si\/en\/wp-json\/wp\/v2\/posts"}],"about":[{"href":"https:\/\/planinskimuzej.si\/en\/wp-json\/wp\/v2\/types\/post"}],"author":[{"embeddable":true,"href":"https:\/\/planinskimuzej.si\/en\/wp-json\/wp\/v2\/users\/7"}],"replies":[{"embeddable":true,"href":"https:\/\/planinskimuzej.si\/en\/wp-json\/wp\/v2\/comments?post=46438"}],"version-history":[{"count":3,"href":"https:\/\/planinskimuzej.si\/en\/wp-json\/wp\/v2\/posts\/46438\/revisions"}],"predecessor-version":[{"id":46445,"href":"https:\/\/planinskimuzej.si\/en\/wp-json\/wp\/v2\/posts\/46438\/revisions\/46445"}],"wp:featuredmedia":[{"embeddable":true,"href":"https:\/\/planinskimuzej.si\/en\/wp-json\/wp\/v2\/media\/37373"}],"wp:attachment":[{"href":"https:\/\/planinskimuzej.si\/en\/wp-json\/wp\/v2\/media?parent=46438"}],"wp:term":[{"taxonomy":"category","embeddable":true,"href":"https:\/\/planinskimuzej.si\/en\/wp-json\/wp\/v2\/categories?post=46438"},{"taxonomy":"post_tag","embeddable":true,"href":"https:\/\/planinskimuzej.si\/en\/wp-json\/wp\/v2\/tags?post=46438"}],"curies":[{"name":"wp","href":"https:\/\/api.w.org\/{rel}","templated":true}]}}